{"id":5663,"date":"2016-01-21T04:29:16","date_gmt":"2016-01-21T04:29:16","guid":{"rendered":"http:\/\/www.miguelclaro.com\/wp\/?p=5663"},"modified":"2016-01-21T04:30:13","modified_gmt":"2016-01-21T04:30:13","slug":"rtp1-time-lapse-about-dark-sky-alqueva-showed-in-the-program-futuro-num-minuto","status":"publish","type":"post","link":"https:\/\/www.miguelclaro.com\/wp\/rtp1-time-lapse-about-dark-sky-alqueva-showed-in-the-program-futuro-num-minuto\/","title":{"rendered":"RTP1 &#8211; Time Lapse about Dark Sky Alqueva showed in the Program &#8220;Futuro Num Minuto&#8221;"},"content":{"rendered":"<p style=\"text-align: justify;\">Time lapse from Dark Sky Alqueva published in the TV Program &#8220;Futuro Num Minuto&#8221; on channel RTP2.<!--more--><br class=\"clear\" \/><br class=\"clear\" \/><\/p>\n<p><iframe loading=\"lazy\" src=\"https:\/\/www.youtube-nocookie.com\/embed\/Qg9Gjku8EJ4?rel=0&amp;controls=0&amp;showinfo=0\" width=\"580\" height=\"326\" frameborder=\"0\" allowfullscreen=\"allowfullscreen\"><\/iframe><\/p>\n<p style=\"text-align: justify;\"><span style=\"color: #333333;\"><strong>PT:<\/strong>Francisco Godinho, membro da Rota Dark Sky Alqueva, falou sobre a RESERVA DARK SKY e a sua unidade de alojamento em espa\u00e7o rural Casa Saramago, no programa FUTURO NUM MINUTO da RTP1. Em pano de fundo foram exibidas imagens Time Lapse da autoria de Miguel Claro, astrofot\u00f3grafo oficial da Reserva Dark Sky Alqueva.\u00a0&#8220;Ced\u00eancia da RTP e da Ag\u00eancia para o Desenvolvimento e Coes\u00e3o\u201d.<\/span><\/p>\n","protected":false},"excerpt":{"rendered":"<p>Time lapse from Dark Sky Alqueva published in the TV Program &#8220;Futuro Num Minuto&#8221; on channel RTP2.<\/p>\n","protected":false},"author":2,"featured_media":5643,"comment_status":"closed","ping_status":"closed","sticky":false,"template":"","format":"standard","meta":{"_monsterinsights_skip_tracking":false,"_monsterinsights_sitenote_active":false,"_monsterinsights_sitenote_note":"","_monsterinsights_sitenote_category":0,"footnotes":""},"categories":[12,687,440,685],"tags":[],"class_list":["post-5663","post","type-post","status-publish","format-standard","has-post-thumbnail","hentry","category-general-press","category-news-about-dark-sky-alqueva","category-tv-and-radio-interviews","category-year-2015"],"_links":{"self":[{"href":"https:\/\/www.miguelclaro.com\/wp\/wp-json\/wp\/v2\/posts\/5663","targetHints":{"allow":["GET"]}}],"collection":[{"href":"https:\/\/www.miguelclaro.com\/wp\/wp-json\/wp\/v2\/posts"}],"about":[{"href":"https:\/\/www.miguelclaro.com\/wp\/wp-json\/wp\/v2\/types\/post"}],"author":[{"embeddable":true,"href":"https:\/\/www.miguelclaro.com\/wp\/wp-json\/wp\/v2\/users\/2"}],"replies":[{"embeddable":true,"href":"https:\/\/www.miguelclaro.com\/wp\/wp-json\/wp\/v2\/comments?post=5663"}],"version-history":[{"count":3,"href":"https:\/\/www.miguelclaro.com\/wp\/wp-json\/wp\/v2\/posts\/5663\/revisions"}],"predecessor-version":[{"id":5666,"href":"https:\/\/www.miguelclaro.com\/wp\/wp-json\/wp\/v2\/posts\/5663\/revisions\/5666"}],"wp:featuredmedia":[{"embeddable":true,"href":"https:\/\/www.miguelclaro.com\/wp\/wp-json\/wp\/v2\/media\/5643"}],"wp:attachment":[{"href":"https:\/\/www.miguelclaro.com\/wp\/wp-json\/wp\/v2\/media?parent=5663"}],"wp:term":[{"taxonomy":"category","embeddable":true,"href":"https:\/\/www.miguelclaro.com\/wp\/wp-json\/wp\/v2\/categories?post=5663"},{"taxonomy":"post_tag","embeddable":true,"href":"https:\/\/www.miguelclaro.com\/wp\/wp-json\/wp\/v2\/tags?post=5663"}],"curies":[{"name":"wp","href":"https:\/\/api.w.org\/{rel}","templated":true}]}}